{"id":86905,"date":"2024-09-24T00:00:00","date_gmt":"2024-09-24T00:00:00","guid":{"rendered":"https:\/\/enterpriseam.com\/climate\/2024\/09\/24\/today-alterra-backed-ctf-raises-usd-2-4-bn-masdar-wraps-financing-on-serbia-wind-farm\/"},"modified":"2024-09-24T00:00:00","modified_gmt":"2024-09-24T00:00:00","slug":"today-alterra-backed-ctf-raises-usd-2-4-bn-masdar-wraps-financing-on-serbia-wind-farm","status":"publish","type":"post","link":"https:\/\/enterpriseam.com\/climate\/2024\/09\/24\/today-alterra-backed-ctf-raises-usd-2-4-bn-masdar-wraps-financing-on-serbia-wind-farm\/","title":{"rendered":"TODAY: Alterra-backed CTF raises USD 2.4 bn + Masdar wraps financing on Serbia wind farm"},"content":{"rendered":"<p style=\"padding:0;margin:0;line-height:1.15;orphans:2;widows:2;text-align:left\"><strong>Good morning, folks. <\/strong>It\u2019s a brisk read this morning with a heavy dose of green finance and an interesting update on natural hydrogen exploration afoot in Oman, but first, the latest on the global push for nuclear energy\u2026<\/p>\n<p class=\"tag-border-left\">COP WATCH-<\/p>\n<p style=\"padding:0;margin:0;line-height:1.15;orphans:2;widows:2;text-align:left\"><strong> <a id=\"wwtt1\"><\/a>Fourteen major banks worldwide pledge support for nuclear energy expansion:<\/strong> Fourteen of the world\u2019s largest financial institutions will move to back COP28\u2019s nuclear energy pledge to triple global nuclear capacity by 2050 and channel more financing for new nuclear plants, the <a target=\"_blank\" href=\"https:\/\/www.ft.com\/content\/96aa8d1a-bbf1-4b35-8680-d1fef36ef067\" style=\"\" rel=\"noopener\">Financial Times<\/a> reports. Unlocking financing for new nuclear power has historically been difficult due to high costs and political sensitivities, but the latest move shows a long-awaited attitude shift in line with the energy transition.<\/p>\n<p style=\"padding:0;margin:0;line-height:1.15;orphans:2;widows:2;text-align:left\"><strong>Who\u2019s involved?<\/strong> Major players supporting the shift towards nuclear power include Bank of America, Barclays, BNP Paribas, Citi, Morgan Stanley and Goldman Sachs. Abu Dhabi Commercial Bank, Ares Management, Brookfield, Cr\u00e9dit Agricole CIB, Guggenheim Securities, Rothschild & Co, Segra Capital Management and Soci\u00e9t\u00e9 G\u00e9n\u00e9rale are also backing the pledge. <\/p>\n<p style=\"padding:0;margin:0;line-height:1.15;orphans:2;widows:2;text-align:left\"><strong>How will they do it?<\/strong> There is no clear roadmap on how the banks plan to support nuclear power, but they could offer increased direct lending and project financing to nuclear companies, the FT writes. Banks may also assist by arranging bond sales or connecting companies with private equity or credit funds. Ahead of the announcement, banks provided non-binding commitments on nuclear energy to private sector partners, a source familiar with the matter told FT.<\/p>\n<p style=\"padding:0;margin:0;line-height:1.15;orphans:2;widows:2;text-align:left\"><strong>Background:<\/strong> Led by the US, over 20 countries inked a declaration to triple the world\u2019s nuclear energy production by 2050 <a target=\"_blank\" href=\"https:\/\/enterprise.news\/climate\/en\/news\/story\/eab3f3ff-ace7-4e41-b082-45a0d91fe1fe\" style=\"\" rel=\"noopener\">at COP28 last December<\/a>. The declaration \u2014 endorsed by countries including France, Britain, Japan, and South Korea \u2014 calls for major investments to ramp up the world\u2019s nuclear power capacity which currently stands at <a target=\"_blank\" href=\"https:\/\/world-nuclear.org\/information-library\/current-and-future-generation\/nuclear-power-in-the-world-today\" style=\"\" rel=\"noopener\">390 GW<\/a>.<\/p>\n<p style=\"padding:0;margin:0;line-height:1.15;orphans:2;widows:2;text-align:left\">\n<p class=\"tag-border-left\">WATCH THIS SPACE-<\/p>\n<p style=\"padding:0;margin:0;line-height:1.15;orphans:2;widows:2;text-align:left\"><strong> <a id=\"wwtt2\"><\/a>#1- UAE-based <\/strong><strong><a target=\"_blank\" href=\"https:\/\/www.averifinance.com\/\" style=\"\" rel=\"noopener\">Averi Finance<\/a><\/strong><strong> and Amea Power have joined the US-led Power Africa Initiative <\/strong><strong>as private sector partners<\/strong>, with Averi pledging to facilitate USD 5 bn in investments to build 3 GW of power generation projects, construct over 3k km of distribution, and reduce 90 mn tons of CO2 in the continent, according to a <a target=\"_blank\" href=\"https:\/\/www.wam.ae\/en\/article\/144usep-uae-usa-issue-joint-statement-visit-president-uae\" style=\"\" rel=\"noopener\">statement<\/a>.<\/p>\n<p style=\"padding:0;margin:0;line-height:1.15;orphans:2;widows:2;text-align:left\"><strong>Background:<\/strong>Amea Power is also <a target=\"_blank\" href=\"https:\/\/www.ameapower.com\/amea-power-announced-as-climate-supporter-of-cop28\/\" style=\"\" rel=\"noopener\">working on facilitating<\/a> USD 5 bn in capital to develop 5 GW of renewable energy capacity in Africa by 2030. <\/p>\n<p style=\"padding:0;margin:0;line-height:1.15;orphans:2;widows:2;text-align:left\"><strong><a id=\"wwtt3\"><\/a>#2- <\/strong><strong>Iran looking<\/strong><strong> to initiate nuclear talks <\/strong><strong>at UN General<\/strong><strong> Assembly in New York if \u201cother <\/strong><strong>parties are willing,\u201d <\/strong><a target=\"_blank\" href=\"https:\/\/www.reuters.com\/world\/iran-ready-nuclear-talks-new-york-if-other-parties-are-willing-foreign-minister-2024-09-23\/\" style=\"\" rel=\"noopener\">Reuters<\/a> reports, citing comments made by Iraqi Foreign Minister Abbas Araqchi on his Telegram channel. Araqchi will prolong his stay in New York to hold meetings with other foreign ministers regarding a nuclear accord signed in 2015 with six other countries. The Biden administration has said the United States is not ready to resume nuclear talks.<\/p>\n<p style=\"padding:0;margin:0;line-height:1.15;orphans:2;widows:2;text-align:left\"><strong>Background:<\/strong>The US withdrew from the 2015 nuclear agreement in 2018 and renewed sanctions against Iran under the Trump administration. Under the pact, Iran agreed to limit its nuclear program in exchange for a lifting of international sanctions. While Iran is still technically bound by the pact, it has curtailed its commitments in response to US sanctions.<\/p>\n<p style=\"padding:0;margin:0;line-height:1.15;orphans:2;widows:2;text-align:left\"><strong>#3- <\/strong><strong>Western <\/strong><strong>countries are combating China\u2019s minerals dominance:<\/strong> The Minerals Security Partnership (MSP), a coalition of 14 Western nations and the European Commission, will launch a new financing network in a bid to counter China's stronghold on critical minerals, the <a target=\"_blank\" href=\"https:\/\/www.ft.com\/content\/2984ae03-df15-420b-89cc-9ad8337014a9\" style=\"\" rel=\"noopener\">Financial Times<\/a> reports, citing an MSP statement shared at the UN General Assembly. The initiative aims to support critical minerals projects essential for high-tech industries and secure minerals for technologies including EVs. MSP will focus on international collaboration and financial backing, with a notable pledge for a major nickel project in Tanzania, backed by mining giant BHP.<\/p>\n<p style=\"padding:0;margin:0;line-height:1.15;orphans:2;widows:2;text-align:left\"><strong>About their strategy: <\/strong>The MSP's strategy includes evaluating 30 additional mining projects, US Under-Secretary of State for Economic Growth Jose Fernandez told the FT in an interview. He highlighted China's monopolistic practices, including overproduction and predatory pricing, which have stifled competition. China currently controls a significant portion of the global processing capacity for rare earths, cobalt, nickel, and lithium. The new initiative seeks to provide alternative financing options, particularly for lower-income countries, to reduce dependency on China. <\/p>\n<p style=\"padding:0;margin:0;line-height:1.15;orphans:2;widows:2;text-align:left\"><strong>#4- WTO to look into <\/strong><strong>China complaint<\/strong><strong> over US EV tariffs: <\/strong>The World Trade Organization (WTO) has agreed to assemble a dispute panel to look into China\u2019s complaint against the US\u2019 <a target=\"_blank\" href=\"https:\/\/enterprise.news\/climate\/en\/news\/story\/09b10f3d-518b-409a-af44-4bddbd71458c\/today:-updates-from-uae%25e2%2580%2599s-g42-%2B-joby-evtols-will-land-in-ksa\" style=\"\" rel=\"noopener\">EV tariffs<\/a> on Chinese imports, <a target=\"_blank\" href=\"https:\/\/english.alarabiya.net\/News\/world\/2024\/09\/23\/wto-to-examine-china-complaint-over-us-electric-vehicle-subsidies-\" style=\"\" rel=\"noopener\">AFP<\/a> reports. China had asked the WTO to establish an <a target=\"_blank\" href=\"https:\/\/enterprise.news\/climate\/en\/news\/story\/88e74893-8ef2-46d8-91b1-8f673a535d44\/\" style=\"\" rel=\"noopener\">expert panel<\/a> to resolve the dispute over the EV subsidies the US will soon roll out under the Inflation Reduction Act, in July. <\/p>\n<p style=\"padding:0;margin:0;line-height:1.15;orphans:2;widows:2;text-align:left\"><strong>REMEMBER- <\/strong>China first began a <a target=\"_blank\" href=\"https:\/\/enterprise.news\/climate\/en\/news\/story\/e56da64d-1c1e-443c-86ea-e13c7275fbc5\/today:-more-mining-in-ksa-%2B-good-news-for-green-hydrogen-in-mena\" style=\"\" rel=\"noopener\">dispute settlement<\/a> against the US at the WTO in March, citing \u201cdiscriminatory subsidies\u201d that exclude their EVs from the market. The country said it pursued legal action to \u201csafeguard [their] legitimate interests \u2026 and maintain a fair level playing field of competition.\u201d The US will be able to appeal into a legal void should the WTO rule against them.<\/p>\n<p style=\"padding:0;margin:0;line-height:1.15;orphans:2;widows:2;text-align:left\"><strong>#5- The European agricultural sector must pay its carbon taxes or the block will miss its goal <\/strong><strong>of slashing emissions by 90% by 2040, <\/strong>EU chief climate scientist Ottmar Edenhofer, told the <a target=\"_blank\" href=\"https:\/\/www.ft.com\/content\/28ace5b8-fe75-4cbe-bfa2-a5ea9a870224\" style=\"\" rel=\"noopener\">Financial Times<\/a>. The sector\u2019s emissions account for 12% of the EU\u2019s total and have remained unchanged over the past 15 years compared to other sectors that have managed to cut their emissions, Edenhofer says. Other sectors had been subjected to levies and other climate incentives while farmers have managed to evade those policies by staging protests, one round of which pushed the European Commission to withdraw a proposed pesticide law and suggested targets. <\/p>\n<p style=\"padding:0;margin:0;line-height:1.15;orphans:2;widows:2;text-align:left\"><strong>But things might change soon: <\/strong>The EU will consider imposing a carbon pricing mechanism on the sector as it begins to outline its plans for its next five year mandate to come into effect later this year. The bloc is considering a levy on food processors that would push farmers to use land as a carbon sink. <\/p>\n<p style=\"padding:0;margin:0;line-height:1.15;orphans:2;widows:2;text-align:left\"><strong>That\u2019s not all: <\/strong>The EU will have to advocate for the use of different forms of climate technology such as carbon removal to meet its targets, Edenhofer added. However, he dubbed the controversial solar radiation modification technology as a \u201cpoor substitute for mitigation.\u201d<\/p>\n<p style=\"padding:0;margin:0;line-height:1.15;orphans:2;widows:2;text-align:left\"><strong>Background:<\/strong>Earlier this year, the EU Commission recommended a landmark proposal to push down <a target=\"_blank\" href=\"https:\/\/enterprise.news\/climate\/en\/news\/story\/29b4d631-254c-4e80-9f2c-f01ebf194da5\" style=\"\" rel=\"noopener\">90% the<\/a><a target=\"_blank\" href=\"https:\/\/enterprise.news\/climate\/en\/news\/story\/29b4d631-254c-4e80-9f2c-f01ebf194da5\" style=\"\" rel=\"noopener\">bloc\u2019s<\/a><a target=\"_blank\" href=\"https:\/\/enterprise.news\/climate\/en\/news\/story\/29b4d631-254c-4e80-9f2c-f01ebf194da5\" style=\"\" rel=\"noopener\">greenhouse gas emissions<\/a> by 2040 compared to 1990 levels in parliament yesterday, outlining a roadmap with annual investments of up to EUR 1.5 tn between 2031 and 2040. A previous draft of the proposal had set a target for the agriculture sector to reduce 30% of its non-CO2 emissions by 2040 from 2015 levels to comply with the meet the new climate goal, but after <a target=\"_blank\" href=\"https:\/\/www.reuters.com\/world\/europe\/spanish-farmers-blockade-roads-joining-eu-peers-protests-2024-02-06\/\" style=\"\" rel=\"noopener\">weeks of protest<\/a> by farmers against EU green policies\u2019 impact on the bloc\u2019s agricultural sector\u2019s competitiveness, the commission removed the goal from the final draft.<\/p>\n<p style=\"padding:0;margin:0;line-height:1.15;orphans:2;widows:2;text-align:left\"><strong>REMEMBER- Denmark <\/strong><strong><a target=\"_blank\" href=\"https:\/\/enterprise.news\/climate\/en\/news\/story\/b4ab19d5-0ed5-49df-82d5-268b1f8f5749\/\" style=\"\" rel=\"noopener\">became the first country<\/a><\/strong><strong> to impose a CO2 tax on agriculture back in June. <\/strong>After months of deliberation, the country approved a carbon tax on every ton of greenhouse gas emitted by livestock. <\/p>\n<p style=\"padding:0;margin:0;line-height:1.15;orphans:2;widows:2;text-align:left\"><strong>IN OTHER EU NEWS-<\/strong> <strong>The EU will set up a Green Coupon Facility to subsidize green bonds issuance in poorer countries<\/strong>, <a target=\"_blank\" href=\"https:\/\/www.bloomberg.com\/news\/articles\/2024-09-23\/eu-to-subsidize-green-bond-issuance-in-poorer-countries\" style=\"\" rel=\"noopener\">Bloomberg<\/a> reports, citing comments made by European Commission President Ursula von der Leyen at the Association of Small Island States Leaders\u2019 Meeting. The subsidies will tackle part of the coupons for issuers suffering from high interest rates to grow the green bond market which is \u201cstruggling to take off.\u201d<\/p>\n<p style=\"padding:0;margin:0;line-height:1.15;orphans:2;widows:2;text-align:left\">\n<p class=\"tag-border-left\">DANGER ZONE- <\/p>\n<p style=\"padding:0;margin:0;line-height:1.15;orphans:2;widows:2;text-align:left\"><strong>Over 40% of major companies, cities, and regions \u2013 almost 1.7k out of over 4k entities <\/strong><strong>assessed \u2013 are yet to set emissions reductions targets, <\/strong>according to Net Zero Tracker\u2019s <a target=\"_blank\" href=\"https:\/\/ent.news\/2024\/9\/1711.pdf\" style=\"\" rel=\"noopener\">annual stocktake (pdf)<\/a>. More governments and enterprises have set net zero pledges, but have lost focus due to political strife, causing a \u201ccommitment gap.\u201d These amounted to 1.75k who had made formal climate commitments while 60% had set net zero pledges of some kind, representing a 23% increase from last year's stocktake mainly through Asian pledges. <\/p>\n<p style=\"padding:0;margin:0;line-height:1.15;orphans:2;widows:2;text-align:left\"><strong>More on the findings: <\/strong>Net Zero looked at climate plans from 198 countries, 706 sub-national regions, almost 1.2k cities, and just under 2k public companies. 495 companies, down from 734 last year, have no emissions targets including Tesla, BYD, Nintendo, and Berkshire Hathaway. While 60% of those assessed had set climate targets, only 5% met Net Zero\u2019s criteria for <\/p>\n<p style=\"padding:0;margin:0;line-height:1.15;orphans:2;widows:2;text-align:left\">\u201crobustness,\u201d meaning they lacked detailed fossil fuel phase out plans, targets for non CO2 greenhouse gasses, and consideration of emissions across their value chain. One silver lining is that 148 countries accounting for 88% of the global population have set net zero commitments. <\/p>\n<div class=\"row\">\n<div class=\"col-md-12 subscribe-box-panel\">\n<div class=\"\">\n<div class=\"title\">\n<h4 class=\"fw-lighter mb-10\">   Get <b style=\"font-weight: 700\">Enterprise<\/b> daily   <\/h4>\n<\/p><\/div>\n<p class=\"mb-10\">The roundup of news and trends that move your markets and shape corporate agendas delivered straight to your inbox.<\/p>\n<p>  <a target=\"_blank\" href=\"climate\/en\/user\/NewsLetters\" type=\"button \" class=\"btn-green px-3 d-flex align-items-center\" rel=\"noopener\">Subscribe here<\/a>  <\/div>\n<\/p><\/div>\n<\/p><\/div>\n<p style=\"padding:0;margin:0;line-height:1.15;orphans:2;widows:2;text-align:left\">***<br \/><strong>YOU\u2019RE READING EnterpriseAM Climate, the essential MENA publication for senior <\/strong><strong>execs who care about the world\u2019s most important industry. <\/strong>We\u2019re out Monday through Thursday by 9am in Cairo and Riyadh and 11am in the UAE.<\/p>\n<p style=\"padding:0;margin:0;line-height:1.15;orphans:2;widows:2;text-align:left\"><strong>EnterpriseAM Climate is available without charge <\/strong>thanks to the generous support of our friends at HSBC and Infinity Power.<\/p>\n<p style=\"padding:0;margin:0;line-height:1.15;orphans:2;widows:2;text-align:left\"><strong>Were you forwarded this email? <\/strong><a target=\"_blank\" href=\"https:\/\/enterprise.news\/climate\/en\/user\/news-letters\" style=\"\" rel=\"noopener\">Tap or click here<\/a> to get your own copy of Enterprise Climate.<\/p>\n<p style=\"padding:0;margin:0;line-height:1.15;orphans:2;widows:2;text-align:left\"><strong>Want to send us a story idea<\/strong>, request coverage, ask for a correction, or otherwise get in touch? Reach out to us on <a target=\"_blank\" href=\"mailto:climate@enterprisemea.com\" style=\"\" rel=\"noopener\">climate@enterprisemea.com<\/a>.<\/p>\n<p style=\"padding:0;margin:0;line-height:1.15;orphans:2;widows:2;text-align:left\"><strong>DID YOU KNOW <\/strong>that we also cover <a target=\"_blank\" href=\"https:\/\/enterprise.news\/egypt\/en\" style=\"\" rel=\"noopener\">Egypt<\/a>, <a target=\"_blank\" href=\"https:\/\/enterprise.news\/ksa\/en\" style=\"\" rel=\"noopener\">Saudi Arabia<\/a>, <a target=\"_blank\" href=\"https:\/\/enterprise.news\/uae\/en\" style=\"\" rel=\"noopener\">the UAE<\/a>, and the <a target=\"_blank\" href=\"https:\/\/enterprise.news\/logistics\/en\" style=\"\" rel=\"noopener\">MENA<\/a><a target=\"_blank\" href=\"https:\/\/enterprise.news\/logistics\/en\" style=\"\" rel=\"noopener\">logistics industry<\/a> ?<br \/><strong>***<\/strong><\/p>\n<p style=\"padding:0;line-height:1.15;margin-right:-9pt;margin-left:0;margin-top:0;orphans:2;margin-bottom:0;widows:2;text-align:left\"><strong>CIRCLE YOUR CALENDAR- <\/strong><\/p>\n<p style=\"padding:0;margin:0;line-height:1.15;orphans:2;widows:2;text-align:left\"><strong>Egypt will host the <\/strong><strong><a target=\"_blank\" href=\"https:\/\/www.almalgtm.org\/portfolio\/the-7th-portfolio-egypt-conference-2024\/\" style=\"\" rel=\"noopener\">Portfolio Egypt<\/a><\/strong><strong> conference on Monday, 30 September<\/strong> in Cairo. The event aims to enhance cooperation among Arab stock exchanges and will cover crucial topics including market integration, product diversification, carbon markets, and regional debt markets. It will aim to outline recommendations to strengthen regional financial markets. <\/p>\n<p style=\"padding:0;margin:0;line-height:1.15;orphans:2;widows:2;text-align:left\"><strong>Egypt will host <\/strong><strong><a target=\"_blank\" href=\"https:\/\/csew.net\/\" style=\"\" rel=\"noopener\">Cairo Sustainable Energy Week<\/a><\/strong><strong> from Tuesday, 1 October to <\/strong><strong>Thursday, 3 October<\/strong> in Cairo. The event will bring together policymakers, companies, and experts to discuss collaboration on the renewable energy transition across 17 Arab countries. <\/p>\n<p style=\"padding:0;margin:0;line-height:1.15;orphans:2;widows:2;text-align:left\"><strong>The UAE will host the <\/strong><strong><a target=\"_blank\" href=\"https:\/\/www.wges.ae\/\" style=\"\" rel=\"noopener\">World Green Economy Summit<\/a><\/strong><strong> from Wednesday, 2 October<\/strong> <strong>to Thursday, 3 October <\/strong>in Dubai. The summit will promote the push for a green economy and will offer a platform for international entities to collaborate on sustainable development, financing, and policymaking.<\/p>\n<p style=\"padding:0;margin:0;line-height:1.15;orphans:2;widows:2;text-align:left\"><strong>Egypt will host the <\/strong><strong><a target=\"_blank\" href=\"https:\/\/evs-electrify-booking.egyreg.com\/\" style=\"\" rel=\"noopener\">EVs Electrify Egypt Summit<\/a><\/strong><strong> from Thursday, 10 October to Saturday, <\/strong><strong>12 October <\/strong>in Cairo. This event will bring together industry players, engineers, and over 300 exhibitors for interactive showcases and EV test drives. <\/p>\n<p style=\"padding:0;margin:0;line-height:1.15;orphans:2;widows:2;text-align:left\"><strong>Egypt will host <\/strong><strong><a target=\"_blank\" href=\"https:\/\/www.cairowaterweek.eg\/cww2024\/#:~:text=The%20upcoming%20seventh%20edition%2C%20Cairo,Climate%3A%20Building%20Resilient%20Communities.%E2%80%9D\" style=\"\" rel=\"noopener\">Cairo Water Week<\/a><\/strong><strong> from Sunday, 13 October to Thursday, 17 October <\/strong>in Cairo. The event will explore various themes relating to water and climate and enhancing resilience in communities. <\/p>\n<p style=\"padding:0;margin:0;line-height:1.15;orphans:2;widows:2;text-align:left\"><strong>Check out our full calendar on the web<\/strong> for a comprehensive listing of upcoming news events, national holidays and news triggers.<\/p>\n","protected":false},"excerpt":{"rendered":"<p>What we\u2019re tracking this morning regionally and around the world<\/p>\n","protected":false},"author":1,"featured_media":86906,"comment_status":"closed","ping_status":"open","sticky":false,"template":"","format":"standard","meta":{"_acf_changed":false,"newspack_ads_suppress_ads":false,"newspack_popups_has_disabled_popups":false,"newspack_sponsor_sponsorship_scope":"","newspack_sponsor_native_byline_display":"inherit","newspack_sponsor_native_category_display":"inherit","newspack_sponsor_underwriter_style":"inherit","newspack_sponsor_underwriter_placement":"inherit","ep_exclude_from_search":false,"_primary_brand":0,"newspack_featured_image_position":"","newspack_post_subtitle":"","newspack_article_summary_title":"Overview:","newspack_article_summary":"","newspack_hide_updated_date":false,"newspack_show_updated_date":false,"_jetpack_memberships_contains_paid_content":false,"footnotes":""},"categories":[44],"tags":[244,97,11,65,76,88,52,43],"brand":[],"newspack_spnsrs_tax":[],"class_list":["post-86905","post","type-post","status-publish","format-standard","has-post-thumbnail","hentry","category-what-were-tracking-today","tag-amea-power","tag-cop29","tag-enterpriseclimate","tag-iran","tag-nuclear-energy","tag-renewables","tag-uae","tag-what-were-tracking-today","wpautop","entry"],"acf":{"mongo_id":"ebb7c433-9d02-4846-be8d-10f160b2b57f","order":"2","is_powered_by":false,"story_type":"4","photo_url":"https:\/\/ent.news\/2024\/9\/1778.jpg","photo_position":"above","homepage_title":"","full_issue_title":"TODAY: Alterra-backed CTF raises USD 2.4 bn + Masdar wraps financing on Serbia wind farm","related_issue":[86903],"teaser":"What we\u2019re tracking this morning regionally and around the world","voice_url":"https:\/\/s3.us-east-1.amazonaws.com\/ent.news\/audio\/2024\/9\/.1ffea048-940d-4d56-88f3-41b8c6c1ecb4.mp3"},"yoast_head":"<!-- This site is optimized with the Yoast SEO Premium plugin v27.1 (Yoast SEO v27.1.1) - https:\/\/yoast.com\/product\/yoast-seo-premium-wordpress\/ -->\n<title>TODAY: Alterra-backed CTF raises USD 2.4 bn + Masdar wraps financing on Serbia wind farm - Climate<\/title>\n<meta name=\"robots\" content=\"index, follow, max-snippet:-1, max-image-preview:large, max-video-preview:-1\" \/>\n<link rel=\"canonical\" href=\"https:\/\/enterpriseam.com\/climate\/2024\/09\/24\/today-alterra-backed-ctf-raises-usd-2-4-bn-masdar-wraps-financing-on-serbia-wind-farm\/\" \/>\n<meta property=\"og:locale\" content=\"en_US\" \/>\n<meta property=\"og:type\" content=\"article\" \/>\n<meta property=\"og:title\" content=\"TODAY: Alterra-backed CTF raises USD 2.4 bn + Masdar wraps financing on Serbia wind farm\" \/>\n<meta property=\"og:description\" content=\"What we\u2019re tracking this morning regionally and around the world\" \/>\n<meta property=\"og:url\" content=\"https:\/\/enterpriseam.com\/climate\/2024\/09\/24\/today-alterra-backed-ctf-raises-usd-2-4-bn-masdar-wraps-financing-on-serbia-wind-farm\/\" \/>\n<meta property=\"og:site_name\" content=\"Climate\" \/>\n<meta property=\"article:published_time\" content=\"2024-09-24T00:00:00+00:00\" \/>\n<meta property=\"og:image\" content=\"https:\/\/i0.wp.com\/ent.news\/2024\/9\/1778.jpg?fit=%2C&ssl=1\" \/>\n<meta name=\"author\" content=\"enterpriseam admin\" \/>\n<meta name=\"twitter:card\" content=\"summary_large_image\" \/>\n<meta name=\"twitter:label1\" content=\"Written by\" \/>\n\t<meta name=\"twitter:data1\" content=\"enterpriseam admin\" \/>\n\t<meta name=\"twitter:label2\" content=\"Est. reading time\" \/>\n\t<meta name=\"twitter:data2\" content=\"9 minutes\" \/>\n<script type=\"application\/ld+json\" class=\"yoast-schema-graph\">{\"@context\":\"https:\/\/schema.org\",\"@graph\":[{\"@type\":\"Article\",\"@id\":\"https:\/\/enterpriseam.com\/climate\/2024\/09\/24\/today-alterra-backed-ctf-raises-usd-2-4-bn-masdar-wraps-financing-on-serbia-wind-farm\/#article\",\"isPartOf\":{\"@id\":\"https:\/\/enterpriseam.com\/climate\/2024\/09\/24\/today-alterra-backed-ctf-raises-usd-2-4-bn-masdar-wraps-financing-on-serbia-wind-farm\/\"},\"author\":{\"name\":\"enterpriseam admin\",\"@id\":\"https:\/\/enterpriseam.com\/climate\/#\/schema\/person\/ca597032db7e4db868359c123cec256d\"},\"headline\":\"TODAY: Alterra-backed CTF raises USD 2.4 bn + Masdar wraps financing on Serbia wind farm\",\"datePublished\":\"2024-09-24T00:00:00+00:00\",\"mainEntityOfPage\":{\"@id\":\"https:\/\/enterpriseam.com\/climate\/2024\/09\/24\/today-alterra-backed-ctf-raises-usd-2-4-bn-masdar-wraps-financing-on-serbia-wind-farm\/\"},\"wordCount\":1774,\"publisher\":{\"@id\":\"https:\/\/enterpriseam.com\/climate\/#organization\"},\"image\":{\"@id\":\"https:\/\/enterpriseam.com\/climate\/2024\/09\/24\/today-alterra-backed-ctf-raises-usd-2-4-bn-masdar-wraps-financing-on-serbia-wind-farm\/#primaryimage\"},\"thumbnailUrl\":\"https:\/\/i0.wp.com\/ent.news\/2024\/9\/1778.jpg?fit=%2C&ssl=1\",\"keywords\":[\"Amea Power\",\"COP29\",\"EnterpriseClimate\",\"Iran\",\"Nuclear Energy\",\"renewables\",\"UAE\",\"WHAT WE\u2019RE TRACKING TODAY\"],\"articleSection\":[\"WHAT WE\u2019RE TRACKING TODAY\"],\"inLanguage\":\"en-US\"},{\"@type\":\"WebPage\",\"@id\":\"https:\/\/enterpriseam.com\/climate\/2024\/09\/24\/today-alterra-backed-ctf-raises-usd-2-4-bn-masdar-wraps-financing-on-serbia-wind-farm\/\",\"url\":\"https:\/\/enterpriseam.com\/climate\/2024\/09\/24\/today-alterra-backed-ctf-raises-usd-2-4-bn-masdar-wraps-financing-on-serbia-wind-farm\/\",\"name\":\"TODAY: Alterra-backed CTF raises USD 2.4 bn + Masdar wraps financing on Serbia wind farm - Climate\",\"isPartOf\":{\"@id\":\"https:\/\/enterpriseam.com\/climate\/#website\"},\"primaryImageOfPage\":{\"@id\":\"https:\/\/enterpriseam.com\/climate\/2024\/09\/24\/today-alterra-backed-ctf-raises-usd-2-4-bn-masdar-wraps-financing-on-serbia-wind-farm\/#primaryimage\"},\"image\":{\"@id\":\"https:\/\/enterpriseam.com\/climate\/2024\/09\/24\/today-alterra-backed-ctf-raises-usd-2-4-bn-masdar-wraps-financing-on-serbia-wind-farm\/#primaryimage\"},\"thumbnailUrl\":\"https:\/\/i0.wp.com\/ent.news\/2024\/9\/1778.jpg?fit=%2C&ssl=1\",\"datePublished\":\"2024-09-24T00:00:00+00:00\",\"breadcrumb\":{\"@id\":\"https:\/\/enterpriseam.com\/climate\/2024\/09\/24\/today-alterra-backed-ctf-raises-usd-2-4-bn-masdar-wraps-financing-on-serbia-wind-farm\/#breadcrumb\"},\"inLanguage\":\"en-US\",\"potentialAction\":[{\"@type\":\"ReadAction\",\"target\":[\"https:\/\/enterpriseam.com\/climate\/2024\/09\/24\/today-alterra-backed-ctf-raises-usd-2-4-bn-masdar-wraps-financing-on-serbia-wind-farm\/\"]}]},{\"@type\":\"ImageObject\",\"inLanguage\":\"en-US\",\"@id\":\"https:\/\/enterpriseam.com\/climate\/2024\/09\/24\/today-alterra-backed-ctf-raises-usd-2-4-bn-masdar-wraps-financing-on-serbia-wind-farm\/#primaryimage\",\"url\":\"https:\/\/i0.wp.com\/ent.news\/2024\/9\/1778.jpg?fit=%2C&ssl=1\",\"contentUrl\":\"https:\/\/i0.wp.com\/ent.news\/2024\/9\/1778.jpg?fit=%2C&ssl=1\"},{\"@type\":\"BreadcrumbList\",\"@id\":\"https:\/\/enterpriseam.com\/climate\/2024\/09\/24\/today-alterra-backed-ctf-raises-usd-2-4-bn-masdar-wraps-financing-on-serbia-wind-farm\/#breadcrumb\",\"itemListElement\":[{\"@type\":\"ListItem\",\"position\":1,\"name\":\"Home\",\"item\":\"https:\/\/enterpriseam.com\/climate\/\"},{\"@type\":\"ListItem\",\"position\":2,\"name\":\"TODAY: Alterra-backed CTF raises USD 2.4 bn + Masdar wraps financing on Serbia wind farm\"}]},{\"@type\":\"WebSite\",\"@id\":\"https:\/\/enterpriseam.com\/climate\/#website\",\"url\":\"https:\/\/enterpriseam.com\/climate\/\",\"name\":\"Climate\",\"description\":\"The State of the Nation\",\"publisher\":{\"@id\":\"https:\/\/enterpriseam.com\/climate\/#organization\"},\"potentialAction\":[{\"@type\":\"SearchAction\",\"target\":{\"@type\":\"EntryPoint\",\"urlTemplate\":\"https:\/\/enterpriseam.com\/climate\/?s={search_term_string}\"},\"query-input\":{\"@type\":\"PropertyValueSpecification\",\"valueRequired\":true,\"valueName\":\"search_term_string\"}}],\"inLanguage\":\"en-US\"},{\"@type\":\"Organization\",\"@id\":\"https:\/\/enterpriseam.com\/climate\/#organization\",\"name\":\"Climate\",\"url\":\"https:\/\/enterpriseam.com\/climate\/\",\"logo\":{\"@type\":\"ImageObject\",\"inLanguage\":\"en-US\",\"@id\":\"https:\/\/enterpriseam.com\/climate\/#\/schema\/logo\/image\/\",\"url\":\"https:\/\/ent.news\/internal\/25470.svg\",\"contentUrl\":\"https:\/\/ent.news\/internal\/25470.svg\",\"caption\":\"Climate\"},\"image\":{\"@id\":\"https:\/\/enterpriseam.com\/climate\/#\/schema\/logo\/image\/\"}},{\"@type\":\"Person\",\"@id\":\"https:\/\/enterpriseam.com\/climate\/#\/schema\/person\/ca597032db7e4db868359c123cec256d\",\"name\":\"enterpriseam admin\",\"sameAs\":[\"http:\/\/enterpriseam.testing.projectsarea.com\"],\"url\":\"https:\/\/enterpriseam.com\/climate\/author\/enterpriseam\/\"}]}<\/script>\n<!-- \/ Yoast SEO Premium plugin. -->","yoast_head_json":{"title":"TODAY: Alterra-backed CTF raises USD 2.4 bn + Masdar wraps financing on Serbia wind farm - Climate","robots":{"index":"index","follow":"follow","max-snippet":"max-snippet:-1","max-image-preview":"max-image-preview:large","max-video-preview":"max-video-preview:-1"},"canonical":"https:\/\/enterpriseam.com\/climate\/2024\/09\/24\/today-alterra-backed-ctf-raises-usd-2-4-bn-masdar-wraps-financing-on-serbia-wind-farm\/","og_locale":"en_US","og_type":"article","og_title":"TODAY: Alterra-backed CTF raises USD 2.4 bn + Masdar wraps financing on Serbia wind farm","og_description":"What we\u2019re tracking this morning regionally and around the world","og_url":"https:\/\/enterpriseam.com\/climate\/2024\/09\/24\/today-alterra-backed-ctf-raises-usd-2-4-bn-masdar-wraps-financing-on-serbia-wind-farm\/","og_site_name":"Climate","article_published_time":"2024-09-24T00:00:00+00:00","og_image":[{"url":"https:\/\/i0.wp.com\/ent.news\/2024\/9\/1778.jpg?fit=%2C&ssl=1","type":"","width":"","height":""}],"author":"enterpriseam admin","twitter_card":"summary_large_image","twitter_misc":{"Written by":"enterpriseam admin","Est. reading time":"9 minutes"},"schema":{"@context":"https:\/\/schema.org","@graph":[{"@type":"Article","@id":"https:\/\/enterpriseam.com\/climate\/2024\/09\/24\/today-alterra-backed-ctf-raises-usd-2-4-bn-masdar-wraps-financing-on-serbia-wind-farm\/#article","isPartOf":{"@id":"https:\/\/enterpriseam.com\/climate\/2024\/09\/24\/today-alterra-backed-ctf-raises-usd-2-4-bn-masdar-wraps-financing-on-serbia-wind-farm\/"},"author":{"name":"enterpriseam admin","@id":"https:\/\/enterpriseam.com\/climate\/#\/schema\/person\/ca597032db7e4db868359c123cec256d"},"headline":"TODAY: Alterra-backed CTF raises USD 2.4 bn + Masdar wraps financing on Serbia wind farm","datePublished":"2024-09-24T00:00:00+00:00","mainEntityOfPage":{"@id":"https:\/\/enterpriseam.com\/climate\/2024\/09\/24\/today-alterra-backed-ctf-raises-usd-2-4-bn-masdar-wraps-financing-on-serbia-wind-farm\/"},"wordCount":1774,"publisher":{"@id":"https:\/\/enterpriseam.com\/climate\/#organization"},"image":{"@id":"https:\/\/enterpriseam.com\/climate\/2024\/09\/24\/today-alterra-backed-ctf-raises-usd-2-4-bn-masdar-wraps-financing-on-serbia-wind-farm\/#primaryimage"},"thumbnailUrl":"https:\/\/i0.wp.com\/ent.news\/2024\/9\/1778.jpg?fit=%2C&ssl=1","keywords":["Amea Power","COP29","EnterpriseClimate","Iran","Nuclear Energy","renewables","UAE","WHAT WE\u2019RE TRACKING TODAY"],"articleSection":["WHAT WE\u2019RE TRACKING TODAY"],"inLanguage":"en-US"},{"@type":"WebPage","@id":"https:\/\/enterpriseam.com\/climate\/2024\/09\/24\/today-alterra-backed-ctf-raises-usd-2-4-bn-masdar-wraps-financing-on-serbia-wind-farm\/","url":"https:\/\/enterpriseam.com\/climate\/2024\/09\/24\/today-alterra-backed-ctf-raises-usd-2-4-bn-masdar-wraps-financing-on-serbia-wind-farm\/","name":"TODAY: Alterra-backed CTF raises USD 2.4 bn + Masdar wraps financing on Serbia wind farm - Climate","isPartOf":{"@id":"https:\/\/enterpriseam.com\/climate\/#website"},"primaryImageOfPage":{"@id":"https:\/\/enterpriseam.com\/climate\/2024\/09\/24\/today-alterra-backed-ctf-raises-usd-2-4-bn-masdar-wraps-financing-on-serbia-wind-farm\/#primaryimage"},"image":{"@id":"https:\/\/enterpriseam.com\/climate\/2024\/09\/24\/today-alterra-backed-ctf-raises-usd-2-4-bn-masdar-wraps-financing-on-serbia-wind-farm\/#primaryimage"},"thumbnailUrl":"https:\/\/i0.wp.com\/ent.news\/2024\/9\/1778.jpg?fit=%2C&ssl=1","datePublished":"2024-09-24T00:00:00+00:00","breadcrumb":{"@id":"https:\/\/enterpriseam.com\/climate\/2024\/09\/24\/today-alterra-backed-ctf-raises-usd-2-4-bn-masdar-wraps-financing-on-serbia-wind-farm\/#breadcrumb"},"inLanguage":"en-US","potentialAction":[{"@type":"ReadAction","target":["https:\/\/enterpriseam.com\/climate\/2024\/09\/24\/today-alterra-backed-ctf-raises-usd-2-4-bn-masdar-wraps-financing-on-serbia-wind-farm\/"]}]},{"@type":"ImageObject","inLanguage":"en-US","@id":"https:\/\/enterpriseam.com\/climate\/2024\/09\/24\/today-alterra-backed-ctf-raises-usd-2-4-bn-masdar-wraps-financing-on-serbia-wind-farm\/#primaryimage","url":"https:\/\/i0.wp.com\/ent.news\/2024\/9\/1778.jpg?fit=%2C&ssl=1","contentUrl":"https:\/\/i0.wp.com\/ent.news\/2024\/9\/1778.jpg?fit=%2C&ssl=1"},{"@type":"BreadcrumbList","@id":"https:\/\/enterpriseam.com\/climate\/2024\/09\/24\/today-alterra-backed-ctf-raises-usd-2-4-bn-masdar-wraps-financing-on-serbia-wind-farm\/#breadcrumb","itemListElement":[{"@type":"ListItem","position":1,"name":"Home","item":"https:\/\/enterpriseam.com\/climate\/"},{"@type":"ListItem","position":2,"name":"TODAY: Alterra-backed CTF raises USD 2.4 bn + Masdar wraps financing on Serbia wind farm"}]},{"@type":"WebSite","@id":"https:\/\/enterpriseam.com\/climate\/#website","url":"https:\/\/enterpriseam.com\/climate\/","name":"Climate","description":"The State of the Nation","publisher":{"@id":"https:\/\/enterpriseam.com\/climate\/#organization"},"potentialAction":[{"@type":"SearchAction","target":{"@type":"EntryPoint","urlTemplate":"https:\/\/enterpriseam.com\/climate\/?s={search_term_string}"},"query-input":{"@type":"PropertyValueSpecification","valueRequired":true,"valueName":"search_term_string"}}],"inLanguage":"en-US"},{"@type":"Organization","@id":"https:\/\/enterpriseam.com\/climate\/#organization","name":"Climate","url":"https:\/\/enterpriseam.com\/climate\/","logo":{"@type":"ImageObject","inLanguage":"en-US","@id":"https:\/\/enterpriseam.com\/climate\/#\/schema\/logo\/image\/","url":"https:\/\/ent.news\/internal\/25470.svg","contentUrl":"https:\/\/ent.news\/internal\/25470.svg","caption":"Climate"},"image":{"@id":"https:\/\/enterpriseam.com\/climate\/#\/schema\/logo\/image\/"}},{"@type":"Person","@id":"https:\/\/enterpriseam.com\/climate\/#\/schema\/person\/ca597032db7e4db868359c123cec256d","name":"enterpriseam admin","sameAs":["http:\/\/enterpriseam.testing.projectsarea.com"],"url":"https:\/\/enterpriseam.com\/climate\/author\/enterpriseam\/"}]}},"featured_image_src":"https:\/\/i0.wp.com\/ent.news\/2024\/9\/1778.jpg?resize=600%2C400&ssl=1","featured_image_src_square":"https:\/\/i0.wp.com\/ent.news\/2024\/9\/1778.jpg?resize=600%2C600&ssl=1","author_info":{"display_name":"enterpriseam admin","author_link":"https:\/\/enterpriseam.com\/climate\/author\/enterpriseam\/"},"jetpack_featured_media_url":"https:\/\/i0.wp.com\/ent.news\/2024\/9\/1778.jpg?fit=%2C&ssl=1","jetpack_sharing_enabled":true,"jetpack-related-posts":[],"jetpack_shortlink":"https:\/\/wp.me\/pgVl2y-mBH","_links":{"self":[{"href":"https:\/\/enterpriseam.com\/climate\/wp-json\/wp\/v2\/posts\/86905","targetHints":{"allow":["GET"]}}],"collection":[{"href":"https:\/\/enterpriseam.com\/climate\/wp-json\/wp\/v2\/posts"}],"about":[{"href":"https:\/\/enterpriseam.com\/climate\/wp-json\/wp\/v2\/types\/post"}],"author":[{"embeddable":true,"href":"https:\/\/enterpriseam.com\/climate\/wp-json\/wp\/v2\/users\/1"}],"replies":[{"embeddable":true,"href":"https:\/\/enterpriseam.com\/climate\/wp-json\/wp\/v2\/comments?post=86905"}],"version-history":[{"count":0,"href":"https:\/\/enterpriseam.com\/climate\/wp-json\/wp\/v2\/posts\/86905\/revisions"}],"acf:post":[{"embeddable":true,"href":"https:\/\/enterpriseam.com\/climate\/wp-json\/wp\/v2\/issue\/86903"}],"wp:featuredmedia":[{"embeddable":true,"href":"https:\/\/enterpriseam.com\/climate\/wp-json\/wp\/v2\/media\/86906"}],"wp:attachment":[{"href":"https:\/\/enterpriseam.com\/climate\/wp-json\/wp\/v2\/media?parent=86905"}],"wp:term":[{"taxonomy":"category","embeddable":true,"href":"https:\/\/enterpriseam.com\/climate\/wp-json\/wp\/v2\/categories?post=86905"},{"taxonomy":"post_tag","embeddable":true,"href":"https:\/\/enterpriseam.com\/climate\/wp-json\/wp\/v2\/tags?post=86905"},{"taxonomy":"brand","embeddable":true,"href":"https:\/\/enterpriseam.com\/climate\/wp-json\/wp\/v2\/brand?post=86905"},{"taxonomy":"newspack_spnsrs_tax","embeddable":true,"href":"https:\/\/enterpriseam.com\/climate\/wp-json\/wp\/v2\/newspack_spnsrs_tax?post=86905"}],"curies":[{"name":"wp","href":"https:\/\/api.w.org\/{rel}","templated":true}]}}