{"id":82111,"date":"2024-01-31T00:00:00","date_gmt":"2024-01-31T00:00:00","guid":{"rendered":"https:\/\/enterpriseam.com\/climate\/2024\/01\/31\/italy-pledges-eur-5-5-bn-to-create-energy-hub-boost-economic-ties-with-africa\/"},"modified":"2024-01-31T00:00:00","modified_gmt":"2024-01-31T00:00:00","slug":"italy-pledges-eur-5-5-bn-to-create-energy-hub-boost-economic-ties-with-africa","status":"publish","type":"post","link":"https:\/\/enterpriseam.com\/climate\/2024\/01\/31\/italy-pledges-eur-5-5-bn-to-create-energy-hub-boost-economic-ties-with-africa\/","title":{"rendered":"Italy pledges EUR 5.5 bn to create energy hub + boost economic ties with Africa"},"content":{"rendered":"<p style=\"padding:0;margin:0;line-height:1.15;orphans:2;widows:2;text-align:left\"><strong><\/strong><strong>Italy will invest EUR 5.5 bn in Africa to enhance cooperation in the energy sector and <\/strong><strong>position Italy as a hub to transport natural gas through to the rest of Europe<\/strong>, <a target=\"_blank\" href=\"https:\/\/www.reuters.com\/world\/what-we-know-about-italian-development-plan-africa-2024-01-29\/\" style=\"\" rel=\"noopener\">Reuters<\/a> reports. A climate fund aimed at international environmental projects will provide EUR 3 bn, but aside from small projects \u2014 a renewable energy training center in Morocco and developing the biofuels sector in Kenya \u2014 it is unclear what other green initiatives the funds will target.<\/p>\n<p style=\"padding:0;margin:0;line-height:1.15;orphans:2;widows:2;text-align:left\"><strong>It\u2019s not all smooth sailing:<\/strong> The plan was met with backlash from Italy\u2019s green and opposition lawmakers, accusing the plan of being an excuse to exploit Africa\u2019s resources, <a target=\"_blank\" href=\"https:\/\/apnews.com\/article\/italy-africa-migration-summit-70237bd8b25e224e4ef1bd45d3dc5b46\" style=\"\" rel=\"noopener\">AP<\/a> reports. \u201cWe are talking about initiatives that have already been presented in other contexts, only with a new stamp on them,\u201d NGO <a target=\"_blank\" href=\"https:\/\/www.actionaid.it\/\" style=\"\" rel=\"noopener\">ActionAid Italia\u2019s<\/a> Cristiano Maugeri said. <\/p>\n<p style=\"padding:0;margin:0;line-height:1.15;orphans:2;widows:2;text-align:left\"><strong>Africa would have liked to have a say:<\/strong> African Union Commission Chairman Moussa Faki Mahamat was disappointed that African nations had not been consulted prior to the plan\u2019s announcement, <a target=\"_blank\" href=\"https:\/\/www.reuters.com\/world\/europe\/italys-meloni-opens-africa-summit-promises-new-partnership-2024-01-29\/\" style=\"\" rel=\"noopener\">Reuters<\/a> reports. \"I want to insist here on the need to move from words to actions. You can well understand that we can no longer be satisfied with mere promises that are often not kept,\" he said. <\/p>\n<p style=\"padding:0;margin:0;line-height:1.15;orphans:2;widows:2;text-align:left\">\n<hr style=\"height:2px;border-width:0;color:gray;background-color:gray\">\n<p style=\"padding:0;margin:0;line-height:1.15;orphans:2;widows:2;text-align:left\"><strong>Automaker Stellantis has kicked off in-house production of large and mid-sized hydrogen <\/strong><strong>fuel cell vans in France and Poland<\/strong>, according to a company <a target=\"_blank\" href=\"https:\/\/www.stellantis.com\/en\/news\/press-releases\/2024\/january\/stellantis-pro-one-expands-existing-hydrogen-fuel-cell-offer-with-in-house-production-starting-on-mid-size-and-large-vans-in-europe\" style=\"\" rel=\"noopener\">statement<\/a>. The company will roll out eight fuel cell hydrogen versions of mid-size and large vans: Citro\u00ebn \u00eb-Jumpy and \u00eb-Jumper, Fiat Professional E-Scudo and E-Ducato, Opel\/Vauxhall Vivaro and Movano, and Peugeot E-Expert and E-Boxer. The company signaled it will carry out a <a target=\"_blank\" href=\"https:\/\/www.stellantis.com\/en\/news\/press-releases\/2023\/october\/stellantis-pro-one-commercial-vehicles-reinforced-leadership-with-full-line-up-renewal-2nd-generation-electrification-and-100-percent-connected-vans-for-compact-mid-size-large\" style=\"\" rel=\"noopener\">full revamp of its van lineup<\/a> last October, and will now launch second generation fuel cell systems giving its mid-sized hydrogen vans a 400 km drive range and extending a 500 km drive range for its larger van offering.<\/p>\n<p style=\"padding:0;margin:0;line-height:1.15;orphans:2;widows:2;text-align:left\"><strong>Japan mulling launching a hydrogen program this year: <\/strong>Japan may be accepting applications this summer for funding from its JPY 3 tn (USD 20.4 bn) program aimed at boosting hydrogen projects, <a target=\"_blank\" href=\"https:\/\/www.bloomberg.com\/news\/articles\/2024-01-30\/japan-may-open-20-billion-hydrogen-plan-applications-in-summer\" style=\"\" rel=\"noopener\">Bloomberg<\/a> reports. The program is part of Japan\u2019s goal to increase its hydrogen consumption levels to 3 mn tons a year by 2030, 12 mn tons by 2040, and 20 mn tons by 2050. <\/p>\n<p style=\"padding:0;margin:0;line-height:1.15;orphans:2;widows:2;text-align:left\"><strong>The details: <\/strong>The government will select projects by the end of the year and subsidize specific forms of hydrogen production, such as covering the price difference to compete with natural gas, Bloomberg writes. Partial funding for the program will come from a new sovereign transition bond being issued next month. Japan aims to allocate JPY 3 tn over the next 15 years to transition away from fossil fuels.<\/p>\n<p style=\"padding:0;margin:0;line-height:1.15;orphans:2;widows:2;text-align:left\"><strong>OTHER STORIES WORTH KNOWING ABOUT THIS MORNING-<\/strong><\/p>\n<ul>\n<li><strong>Air Liquide + TotalEnergies work on hydrogen refueling: <\/strong>France\u2019s <a target=\"_blank\" href=\"https:\/\/www.airliquide.com\/\" style=\"\" rel=\"noopener\">Air Liquide<\/a> and TotalEnergies have established a JV to build hydrogen refueling stations for heavy-duty trucks across Europe. TEAL Mobility will establish over 100 hydrogen stations within the next decade, with the initial operation of around 20 stations in France, the Netherlands, Belgium, Luxembourg, and Germany this year. (<a target=\"_blank\" href=\"https:\/\/www.reuters.com\/business\/energy\/air-liquide-totalenergies-develop-hydrogen-fuelling-stations-trucks-2024-01-30\/\" style=\"\" rel=\"noopener\">Reuters<\/a>)<\/li>\n<\/ul>\n","protected":false},"excerpt":{"rendered":"<p>The plan will finance energy transport to Italy and the EU.<\/p>\n","protected":false},"author":1,"featured_media":82112,"comment_status":"closed","ping_status":"open","sticky":false,"template":"","format":"standard","meta":{"_acf_changed":false,"newspack_ads_suppress_ads":false,"newspack_popups_has_disabled_popups":false,"newspack_sponsor_sponsorship_scope":"","newspack_sponsor_native_byline_display":"inherit","newspack_sponsor_native_category_display":"inherit","newspack_sponsor_underwriter_style":"inherit","newspack_sponsor_underwriter_placement":"inherit","ep_exclude_from_search":false,"_primary_brand":0,"newspack_featured_image_position":"","newspack_post_subtitle":"","newspack_article_summary_title":"Overview:","newspack_article_summary":"","newspack_hide_updated_date":false,"newspack_show_updated_date":false,"_jetpack_memberships_contains_paid_content":false,"footnotes":""},"categories":[71],"tags":[280,70,11,291,88],"brand":[],"newspack_spnsrs_tax":[],"class_list":["post-82111","post","type-post","status-publish","format-standard","has-post-thumbnail","hentry","category-around-the-world","tag-africa","tag-around-the-world","tag-enterpriseclimate","tag-italy","tag-renewables","wpautop","entry"],"acf":{"mongo_id":"46320dbd-c0fb-45bd-aca0-783219da233d","is_powered_by":false,"story_type":"1","photo_url":"https:\/\/ent.news\/2024\/1\/2608.JPG","photo_position":"above","homepage_title":"","full_issue_title":"Italy pledges EUR 5.5 bn to create energy hub + boost economic ties with Africa","related_issue":[82095],"teaser":"The plan will finance energy transport to Italy and the EU.","voice_url":"https:\/\/s3.us-east-1.amazonaws.com\/ent.news\/audio\/2024\/2\/.40db4b86-cfd3-4cf5-930a-3e5d731829ca.mp3"},"yoast_head":"<!-- This site is optimized with the Yoast SEO Premium plugin v27.1 (Yoast SEO v27.1.1) - https:\/\/yoast.com\/product\/yoast-seo-premium-wordpress\/ -->\n<title>Italy pledges EUR 5.5 bn to create energy hub + boost economic ties with Africa - Climate<\/title>\n<meta name=\"robots\" content=\"index, follow, max-snippet:-1, max-image-preview:large, max-video-preview:-1\" \/>\n<link rel=\"canonical\" href=\"https:\/\/enterpriseam.com\/climate\/2024\/01\/31\/italy-pledges-eur-5-5-bn-to-create-energy-hub-boost-economic-ties-with-africa\/\" \/>\n<meta property=\"og:locale\" content=\"en_US\" \/>\n<meta property=\"og:type\" content=\"article\" \/>\n<meta property=\"og:title\" content=\"Italy pledges EUR 5.5 bn to create energy hub + boost economic ties with Africa\" \/>\n<meta property=\"og:description\" content=\"The plan will finance energy transport to Italy and the EU.\" \/>\n<meta property=\"og:url\" content=\"https:\/\/enterpriseam.com\/climate\/2024\/01\/31\/italy-pledges-eur-5-5-bn-to-create-energy-hub-boost-economic-ties-with-africa\/\" \/>\n<meta property=\"og:site_name\" content=\"Climate\" \/>\n<meta property=\"article:published_time\" content=\"2024-01-31T00:00:00+00:00\" \/>\n<meta property=\"og:image\" content=\"https:\/\/i0.wp.com\/ent.news\/2024\/1\/2608.JPG?fit=%2C&ssl=1\" \/>\n<meta name=\"author\" content=\"enterpriseam admin\" \/>\n<meta name=\"twitter:card\" content=\"summary_large_image\" \/>\n<meta name=\"twitter:label1\" content=\"Written by\" \/>\n\t<meta name=\"twitter:data1\" content=\"enterpriseam admin\" \/>\n\t<meta name=\"twitter:label2\" content=\"Est. reading time\" \/>\n\t<meta name=\"twitter:data2\" content=\"2 minutes\" \/>\n<script type=\"application\/ld+json\" class=\"yoast-schema-graph\">{\"@context\":\"https:\/\/schema.org\",\"@graph\":[{\"@type\":\"Article\",\"@id\":\"https:\/\/enterpriseam.com\/climate\/2024\/01\/31\/italy-pledges-eur-5-5-bn-to-create-energy-hub-boost-economic-ties-with-africa\/#article\",\"isPartOf\":{\"@id\":\"https:\/\/enterpriseam.com\/climate\/2024\/01\/31\/italy-pledges-eur-5-5-bn-to-create-energy-hub-boost-economic-ties-with-africa\/\"},\"author\":{\"name\":\"enterpriseam admin\",\"@id\":\"https:\/\/enterpriseam.com\/climate\/#\/schema\/person\/ca597032db7e4db868359c123cec256d\"},\"headline\":\"Italy pledges EUR 5.5 bn to create energy hub + boost economic ties with Africa\",\"datePublished\":\"2024-01-31T00:00:00+00:00\",\"mainEntityOfPage\":{\"@id\":\"https:\/\/enterpriseam.com\/climate\/2024\/01\/31\/italy-pledges-eur-5-5-bn-to-create-energy-hub-boost-economic-ties-with-africa\/\"},\"wordCount\":505,\"publisher\":{\"@id\":\"https:\/\/enterpriseam.com\/climate\/#organization\"},\"image\":{\"@id\":\"https:\/\/enterpriseam.com\/climate\/2024\/01\/31\/italy-pledges-eur-5-5-bn-to-create-energy-hub-boost-economic-ties-with-africa\/#primaryimage\"},\"thumbnailUrl\":\"https:\/\/i0.wp.com\/ent.news\/2024\/1\/2608.JPG?fit=%2C&ssl=1\",\"keywords\":[\"Africa\",\"AROUND THE WORLD\",\"EnterpriseClimate\",\"Italy\",\"renewables\"],\"articleSection\":[\"AROUND THE WORLD\"],\"inLanguage\":\"en-US\"},{\"@type\":\"WebPage\",\"@id\":\"https:\/\/enterpriseam.com\/climate\/2024\/01\/31\/italy-pledges-eur-5-5-bn-to-create-energy-hub-boost-economic-ties-with-africa\/\",\"url\":\"https:\/\/enterpriseam.com\/climate\/2024\/01\/31\/italy-pledges-eur-5-5-bn-to-create-energy-hub-boost-economic-ties-with-africa\/\",\"name\":\"Italy pledges EUR 5.5 bn to create energy hub + boost economic ties with Africa - Climate\",\"isPartOf\":{\"@id\":\"https:\/\/enterpriseam.com\/climate\/#website\"},\"primaryImageOfPage\":{\"@id\":\"https:\/\/enterpriseam.com\/climate\/2024\/01\/31\/italy-pledges-eur-5-5-bn-to-create-energy-hub-boost-economic-ties-with-africa\/#primaryimage\"},\"image\":{\"@id\":\"https:\/\/enterpriseam.com\/climate\/2024\/01\/31\/italy-pledges-eur-5-5-bn-to-create-energy-hub-boost-economic-ties-with-africa\/#primaryimage\"},\"thumbnailUrl\":\"https:\/\/i0.wp.com\/ent.news\/2024\/1\/2608.JPG?fit=%2C&ssl=1\",\"datePublished\":\"2024-01-31T00:00:00+00:00\",\"breadcrumb\":{\"@id\":\"https:\/\/enterpriseam.com\/climate\/2024\/01\/31\/italy-pledges-eur-5-5-bn-to-create-energy-hub-boost-economic-ties-with-africa\/#breadcrumb\"},\"inLanguage\":\"en-US\",\"potentialAction\":[{\"@type\":\"ReadAction\",\"target\":[\"https:\/\/enterpriseam.com\/climate\/2024\/01\/31\/italy-pledges-eur-5-5-bn-to-create-energy-hub-boost-economic-ties-with-africa\/\"]}]},{\"@type\":\"ImageObject\",\"inLanguage\":\"en-US\",\"@id\":\"https:\/\/enterpriseam.com\/climate\/2024\/01\/31\/italy-pledges-eur-5-5-bn-to-create-energy-hub-boost-economic-ties-with-africa\/#primaryimage\",\"url\":\"https:\/\/i0.wp.com\/ent.news\/2024\/1\/2608.JPG?fit=%2C&ssl=1\",\"contentUrl\":\"https:\/\/i0.wp.com\/ent.news\/2024\/1\/2608.JPG?fit=%2C&ssl=1\"},{\"@type\":\"BreadcrumbList\",\"@id\":\"https:\/\/enterpriseam.com\/climate\/2024\/01\/31\/italy-pledges-eur-5-5-bn-to-create-energy-hub-boost-economic-ties-with-africa\/#breadcrumb\",\"itemListElement\":[{\"@type\":\"ListItem\",\"position\":1,\"name\":\"Home\",\"item\":\"https:\/\/enterpriseam.com\/climate\/\"},{\"@type\":\"ListItem\",\"position\":2,\"name\":\"Italy pledges EUR 5.5 bn to create energy hub + boost economic ties with Africa\"}]},{\"@type\":\"WebSite\",\"@id\":\"https:\/\/enterpriseam.com\/climate\/#website\",\"url\":\"https:\/\/enterpriseam.com\/climate\/\",\"name\":\"Climate\",\"description\":\"The State of the Nation\",\"publisher\":{\"@id\":\"https:\/\/enterpriseam.com\/climate\/#organization\"},\"potentialAction\":[{\"@type\":\"SearchAction\",\"target\":{\"@type\":\"EntryPoint\",\"urlTemplate\":\"https:\/\/enterpriseam.com\/climate\/?s={search_term_string}\"},\"query-input\":{\"@type\":\"PropertyValueSpecification\",\"valueRequired\":true,\"valueName\":\"search_term_string\"}}],\"inLanguage\":\"en-US\"},{\"@type\":\"Organization\",\"@id\":\"https:\/\/enterpriseam.com\/climate\/#organization\",\"name\":\"Climate\",\"url\":\"https:\/\/enterpriseam.com\/climate\/\",\"logo\":{\"@type\":\"ImageObject\",\"inLanguage\":\"en-US\",\"@id\":\"https:\/\/enterpriseam.com\/climate\/#\/schema\/logo\/image\/\",\"url\":\"https:\/\/ent.news\/internal\/25470.svg\",\"contentUrl\":\"https:\/\/ent.news\/internal\/25470.svg\",\"caption\":\"Climate\"},\"image\":{\"@id\":\"https:\/\/enterpriseam.com\/climate\/#\/schema\/logo\/image\/\"}},{\"@type\":\"Person\",\"@id\":\"https:\/\/enterpriseam.com\/climate\/#\/schema\/person\/ca597032db7e4db868359c123cec256d\",\"name\":\"enterpriseam admin\",\"sameAs\":[\"http:\/\/enterpriseam.testing.projectsarea.com\"],\"url\":\"https:\/\/enterpriseam.com\/climate\/author\/enterpriseam\/\"}]}<\/script>\n<!-- \/ Yoast SEO Premium plugin. -->","yoast_head_json":{"title":"Italy pledges EUR 5.5 bn to create energy hub + boost economic ties with Africa - Climate","robots":{"index":"index","follow":"follow","max-snippet":"max-snippet:-1","max-image-preview":"max-image-preview:large","max-video-preview":"max-video-preview:-1"},"canonical":"https:\/\/enterpriseam.com\/climate\/2024\/01\/31\/italy-pledges-eur-5-5-bn-to-create-energy-hub-boost-economic-ties-with-africa\/","og_locale":"en_US","og_type":"article","og_title":"Italy pledges EUR 5.5 bn to create energy hub + boost economic ties with Africa","og_description":"The plan will finance energy transport to Italy and the EU.","og_url":"https:\/\/enterpriseam.com\/climate\/2024\/01\/31\/italy-pledges-eur-5-5-bn-to-create-energy-hub-boost-economic-ties-with-africa\/","og_site_name":"Climate","article_published_time":"2024-01-31T00:00:00+00:00","og_image":[{"url":"https:\/\/i0.wp.com\/ent.news\/2024\/1\/2608.JPG?fit=%2C&ssl=1","type":"","width":"","height":""}],"author":"enterpriseam admin","twitter_card":"summary_large_image","twitter_misc":{"Written by":"enterpriseam admin","Est. reading time":"2 minutes"},"schema":{"@context":"https:\/\/schema.org","@graph":[{"@type":"Article","@id":"https:\/\/enterpriseam.com\/climate\/2024\/01\/31\/italy-pledges-eur-5-5-bn-to-create-energy-hub-boost-economic-ties-with-africa\/#article","isPartOf":{"@id":"https:\/\/enterpriseam.com\/climate\/2024\/01\/31\/italy-pledges-eur-5-5-bn-to-create-energy-hub-boost-economic-ties-with-africa\/"},"author":{"name":"enterpriseam admin","@id":"https:\/\/enterpriseam.com\/climate\/#\/schema\/person\/ca597032db7e4db868359c123cec256d"},"headline":"Italy pledges EUR 5.5 bn to create energy hub + boost economic ties with Africa","datePublished":"2024-01-31T00:00:00+00:00","mainEntityOfPage":{"@id":"https:\/\/enterpriseam.com\/climate\/2024\/01\/31\/italy-pledges-eur-5-5-bn-to-create-energy-hub-boost-economic-ties-with-africa\/"},"wordCount":505,"publisher":{"@id":"https:\/\/enterpriseam.com\/climate\/#organization"},"image":{"@id":"https:\/\/enterpriseam.com\/climate\/2024\/01\/31\/italy-pledges-eur-5-5-bn-to-create-energy-hub-boost-economic-ties-with-africa\/#primaryimage"},"thumbnailUrl":"https:\/\/i0.wp.com\/ent.news\/2024\/1\/2608.JPG?fit=%2C&ssl=1","keywords":["Africa","AROUND THE WORLD","EnterpriseClimate","Italy","renewables"],"articleSection":["AROUND THE WORLD"],"inLanguage":"en-US"},{"@type":"WebPage","@id":"https:\/\/enterpriseam.com\/climate\/2024\/01\/31\/italy-pledges-eur-5-5-bn-to-create-energy-hub-boost-economic-ties-with-africa\/","url":"https:\/\/enterpriseam.com\/climate\/2024\/01\/31\/italy-pledges-eur-5-5-bn-to-create-energy-hub-boost-economic-ties-with-africa\/","name":"Italy pledges EUR 5.5 bn to create energy hub + boost economic ties with Africa - Climate","isPartOf":{"@id":"https:\/\/enterpriseam.com\/climate\/#website"},"primaryImageOfPage":{"@id":"https:\/\/enterpriseam.com\/climate\/2024\/01\/31\/italy-pledges-eur-5-5-bn-to-create-energy-hub-boost-economic-ties-with-africa\/#primaryimage"},"image":{"@id":"https:\/\/enterpriseam.com\/climate\/2024\/01\/31\/italy-pledges-eur-5-5-bn-to-create-energy-hub-boost-economic-ties-with-africa\/#primaryimage"},"thumbnailUrl":"https:\/\/i0.wp.com\/ent.news\/2024\/1\/2608.JPG?fit=%2C&ssl=1","datePublished":"2024-01-31T00:00:00+00:00","breadcrumb":{"@id":"https:\/\/enterpriseam.com\/climate\/2024\/01\/31\/italy-pledges-eur-5-5-bn-to-create-energy-hub-boost-economic-ties-with-africa\/#breadcrumb"},"inLanguage":"en-US","potentialAction":[{"@type":"ReadAction","target":["https:\/\/enterpriseam.com\/climate\/2024\/01\/31\/italy-pledges-eur-5-5-bn-to-create-energy-hub-boost-economic-ties-with-africa\/"]}]},{"@type":"ImageObject","inLanguage":"en-US","@id":"https:\/\/enterpriseam.com\/climate\/2024\/01\/31\/italy-pledges-eur-5-5-bn-to-create-energy-hub-boost-economic-ties-with-africa\/#primaryimage","url":"https:\/\/i0.wp.com\/ent.news\/2024\/1\/2608.JPG?fit=%2C&ssl=1","contentUrl":"https:\/\/i0.wp.com\/ent.news\/2024\/1\/2608.JPG?fit=%2C&ssl=1"},{"@type":"BreadcrumbList","@id":"https:\/\/enterpriseam.com\/climate\/2024\/01\/31\/italy-pledges-eur-5-5-bn-to-create-energy-hub-boost-economic-ties-with-africa\/#breadcrumb","itemListElement":[{"@type":"ListItem","position":1,"name":"Home","item":"https:\/\/enterpriseam.com\/climate\/"},{"@type":"ListItem","position":2,"name":"Italy pledges EUR 5.5 bn to create energy hub + boost economic ties with Africa"}]},{"@type":"WebSite","@id":"https:\/\/enterpriseam.com\/climate\/#website","url":"https:\/\/enterpriseam.com\/climate\/","name":"Climate","description":"The State of the Nation","publisher":{"@id":"https:\/\/enterpriseam.com\/climate\/#organization"},"potentialAction":[{"@type":"SearchAction","target":{"@type":"EntryPoint","urlTemplate":"https:\/\/enterpriseam.com\/climate\/?s={search_term_string}"},"query-input":{"@type":"PropertyValueSpecification","valueRequired":true,"valueName":"search_term_string"}}],"inLanguage":"en-US"},{"@type":"Organization","@id":"https:\/\/enterpriseam.com\/climate\/#organization","name":"Climate","url":"https:\/\/enterpriseam.com\/climate\/","logo":{"@type":"ImageObject","inLanguage":"en-US","@id":"https:\/\/enterpriseam.com\/climate\/#\/schema\/logo\/image\/","url":"https:\/\/ent.news\/internal\/25470.svg","contentUrl":"https:\/\/ent.news\/internal\/25470.svg","caption":"Climate"},"image":{"@id":"https:\/\/enterpriseam.com\/climate\/#\/schema\/logo\/image\/"}},{"@type":"Person","@id":"https:\/\/enterpriseam.com\/climate\/#\/schema\/person\/ca597032db7e4db868359c123cec256d","name":"enterpriseam admin","sameAs":["http:\/\/enterpriseam.testing.projectsarea.com"],"url":"https:\/\/enterpriseam.com\/climate\/author\/enterpriseam\/"}]}},"featured_image_src":"https:\/\/i0.wp.com\/ent.news\/2024\/1\/2608.JPG?resize=600%2C400&ssl=1","featured_image_src_square":"https:\/\/i0.wp.com\/ent.news\/2024\/1\/2608.JPG?resize=600%2C600&ssl=1","author_info":{"display_name":"enterpriseam admin","author_link":"https:\/\/enterpriseam.com\/climate\/author\/enterpriseam\/"},"jetpack_featured_media_url":"https:\/\/i0.wp.com\/ent.news\/2024\/1\/2608.JPG?fit=%2C&ssl=1","jetpack_sharing_enabled":true,"jetpack-related-posts":[],"jetpack_shortlink":"https:\/\/wp.me\/pgVl2y-lmn","_links":{"self":[{"href":"https:\/\/enterpriseam.com\/climate\/wp-json\/wp\/v2\/posts\/82111","targetHints":{"allow":["GET"]}}],"collection":[{"href":"https:\/\/enterpriseam.com\/climate\/wp-json\/wp\/v2\/posts"}],"about":[{"href":"https:\/\/enterpriseam.com\/climate\/wp-json\/wp\/v2\/types\/post"}],"author":[{"embeddable":true,"href":"https:\/\/enterpriseam.com\/climate\/wp-json\/wp\/v2\/users\/1"}],"replies":[{"embeddable":true,"href":"https:\/\/enterpriseam.com\/climate\/wp-json\/wp\/v2\/comments?post=82111"}],"version-history":[{"count":0,"href":"https:\/\/enterpriseam.com\/climate\/wp-json\/wp\/v2\/posts\/82111\/revisions"}],"acf:post":[{"embeddable":true,"href":"https:\/\/enterpriseam.com\/climate\/wp-json\/wp\/v2\/issue\/82095"}],"wp:featuredmedia":[{"embeddable":true,"href":"https:\/\/enterpriseam.com\/climate\/wp-json\/wp\/v2\/media\/82112"}],"wp:attachment":[{"href":"https:\/\/enterpriseam.com\/climate\/wp-json\/wp\/v2\/media?parent=82111"}],"wp:term":[{"taxonomy":"category","embeddable":true,"href":"https:\/\/enterpriseam.com\/climate\/wp-json\/wp\/v2\/categories?post=82111"},{"taxonomy":"post_tag","embeddable":true,"href":"https:\/\/enterpriseam.com\/climate\/wp-json\/wp\/v2\/tags?post=82111"},{"taxonomy":"brand","embeddable":true,"href":"https:\/\/enterpriseam.com\/climate\/wp-json\/wp\/v2\/brand?post=82111"},{"taxonomy":"newspack_spnsrs_tax","embeddable":true,"href":"https:\/\/enterpriseam.com\/climate\/wp-json\/wp\/v2\/newspack_spnsrs_tax?post=82111"}],"curies":[{"name":"wp","href":"https:\/\/api.w.org\/{rel}","templated":true}]}}